{"id":3723,"date":"2026-05-01T12:54:49","date_gmt":"2026-05-01T15:54:49","guid":{"rendered":"https:\/\/sindirefeicoesrj.org.br\/?p=3723"},"modified":"2026-05-01T13:17:02","modified_gmt":"2026-05-01T16:17:02","slug":"1o-de-maio-dia-do-trabalhador","status":"publish","type":"post","link":"http:\/\/sindirefeicoesrj.org.br\/?p=3723","title":{"rendered":"1\u00ba de Maio \u2014 Dia do Trabalhador"},"content":{"rendered":"\n<figure class=\"wp-block-image size-large\"><img fetchpriority=\"high\" decoding=\"async\" width=\"819\" height=\"1024\" src=\"https:\/\/sindirefeicoesrj.org.br\/wp-content\/uploads\/2026\/05\/dia-do-trabalhador-819x1024.png\" alt=\"\" class=\"wp-image-3724\" srcset=\"http:\/\/sindirefeicoesrj.org.br\/wp-content\/uploads\/2026\/05\/dia-do-trabalhador-819x1024.png 819w, http:\/\/sindirefeicoesrj.org.br\/wp-content\/uploads\/2026\/05\/dia-do-trabalhador-240x300.png 240w, http:\/\/sindirefeicoesrj.org.br\/wp-content\/uploads\/2026\/05\/dia-do-trabalhador-768x960.png 768w, http:\/\/sindirefeicoesrj.org.br\/wp-content\/uploads\/2026\/05\/dia-do-trabalhador.png 1080w\" sizes=\"(max-width: 819px) 100vw, 819px\" \/><\/figure>\n\n\n\n<p>Hoje celebramos quem alegra o mundo com seu trabalho todos os dias. \ud83d\udcaa\ud83c\udffd<\/p>\n\n\n\n<p>Nos restaurantes, cozinhas industriais e redes de fast food, cada trabalhador e trabalhadora faz a diferen\u00e7a \u2014 com dedica\u00e7\u00e3o, esfor\u00e7o e coragem.<\/p>\n\n\n\n<p>Seguimos juntos na luta por direitos, valoriza\u00e7\u00e3o e condi\u00e7\u00f5es dignas para todos!<\/p>\n\n\n\n<p>1\u00ba de Maio \u2014 Dia do Trabalhador.<\/p>\n\n\n\n<p><\/p>\n","protected":false},"excerpt":{"rendered":"<p>Hoje celebramos quem alegra o mundo com seu trabalho todos os dias. \ud83d\udcaa\ud83c\udffd Nos restaurantes, cozinhas industriais e redes de fast food, cada trabalhador e trabalhadora faz a diferen\u00e7a \u2014 com dedica\u00e7\u00e3o, esfor\u00e7o e coragem. Seguimos juntos na luta por direitos, valoriza\u00e7\u00e3o e condi\u00e7\u00f5es dignas para todos! 1\u00ba de Maio \u2014 Dia do Trabalhador.<\/p>\n","protected":false},"author":1,"featured_media":3727,"comment_status":"open","ping_status":"open","sticky":false,"template":"","format":"standard","meta":{"footnotes":""},"categories":[1],"tags":[],"class_list":["post-3723","post","type-post","status-publish","format-standard","has-post-thumbnail","hentry","category-sem-categoria"],"_links":{"self":[{"href":"http:\/\/sindirefeicoesrj.org.br\/index.php?rest_route=\/wp\/v2\/posts\/3723","targetHints":{"allow":["GET"]}}],"collection":[{"href":"http:\/\/sindirefeicoesrj.org.br\/index.php?rest_route=\/wp\/v2\/posts"}],"about":[{"href":"http:\/\/sindirefeicoesrj.org.br\/index.php?rest_route=\/wp\/v2\/types\/post"}],"author":[{"embeddable":true,"href":"http:\/\/sindirefeicoesrj.org.br\/index.php?rest_route=\/wp\/v2\/users\/1"}],"replies":[{"embeddable":true,"href":"http:\/\/sindirefeicoesrj.org.br\/index.php?rest_route=%2Fwp%2Fv2%2Fcomments&post=3723"}],"version-history":[{"count":2,"href":"http:\/\/sindirefeicoesrj.org.br\/index.php?rest_route=\/wp\/v2\/posts\/3723\/revisions"}],"predecessor-version":[{"id":3730,"href":"http:\/\/sindirefeicoesrj.org.br\/index.php?rest_route=\/wp\/v2\/posts\/3723\/revisions\/3730"}],"wp:featuredmedia":[{"embeddable":true,"href":"http:\/\/sindirefeicoesrj.org.br\/index.php?rest_route=\/wp\/v2\/media\/3727"}],"wp:attachment":[{"href":"http:\/\/sindirefeicoesrj.org.br\/index.php?rest_route=%2Fwp%2Fv2%2Fmedia&parent=3723"}],"wp:term":[{"taxonomy":"category","embeddable":true,"href":"http:\/\/sindirefeicoesrj.org.br\/index.php?rest_route=%2Fwp%2Fv2%2Fcategories&post=3723"},{"taxonomy":"post_tag","embeddable":true,"href":"http:\/\/sindirefeicoesrj.org.br\/index.php?rest_route=%2Fwp%2Fv2%2Ftags&post=3723"}],"curies":[{"name":"wp","href":"https:\/\/api.w.org\/{rel}","templated":true}]}}